
			
				

					
				

			
		{"items":"\n\t\t\t\t\t\t\t\t\t\t\t\t\t\t<link rel=\"stylesheet\" id=\"wd-post-types-mod-categories-style-bg-css\" href=\"https:\/\/pspzyrowa.zdzieszowice.pl\/wp-content\/themes\/woodmart\/css\/parts\/post-types-mod-categories-style-bg.min.css?ver=8.3.9\" type=\"text\/css\" media=\"all\" \/> \t\t\t\n<article id=\"post-4031\" class=\"wd-post blog-design-default blog-post-loop blog-style-bg wd-add-shadow wd-col post-4031 post type-post status-publish format-standard hentry category-aktualnosci\">\n\t<div class=\"wd-post-inner article-inner\">\n\t\t\n\t\t<div class=\"wd-post-content article-body-container\">\n\t\t\t\t\t\t\t<div class=\"wd-post-cat wd-style-with-bg meta-post-categories\">\n\t\t\t\t\t<a href=\"https:\/\/pspzyrowa.zdzieszowice.pl\/category\/aktualnosci\/\" rel=\"category tag\">Aktualno\u015bci<\/a>\t\t\t\t<\/div>\n\t\t\t\n\t\t\t\t\t\t\t<h3 class=\"wd-post-title wd-entities-title title post-title\">\n\t\t\t\t\t<a href=\"https:\/\/pspzyrowa.zdzieszowice.pl\/17-10-2017-wycieczka-do-zaczarowanego-swiata-w-ramach-projektu-sekrety-nauki\/\" rel=\"bookmark\">17.10.2017 Wycieczka do &#8222;zaczarowanego \u015bwiata&#8221; w ramach projektu &#8222;Sekrety nauki&#8221;<\/a>\n\t\t\t\t<\/h3>\n\t\t\t\n\t\t\t\t\t\t\t<div class=\"wd-post-meta\">\n\t\t\t\t\t\t\t\t\t\t\t\t\t<link rel=\"stylesheet\" id=\"wd-blog-mod-author-css\" href=\"https:\/\/pspzyrowa.zdzieszowice.pl\/wp-content\/themes\/woodmart\/css\/parts\/blog-mod-author.min.css?ver=8.3.9\" type=\"text\/css\" media=\"all\" \/> \t\t\t\t\t\t\t\t<div class=\"wd-post-author\">\n\t\t\t\t\t\t\t\t\t\t\t<span>Opublikowano przez<\/span>\n\t\t\n\t\t\t\t\t<img alt='author-avatar' src='https:\/\/secure.gravatar.com\/avatar\/1157df78ac73d907245b92e8fb34cfe8f29740ee591df4bd55d6a7c21115a871?s=18&#038;d=mm&#038;r=g' srcset='https:\/\/secure.gravatar.com\/avatar\/1157df78ac73d907245b92e8fb34cfe8f29740ee591df4bd55d6a7c21115a871?s=36&#038;d=mm&#038;r=g 2x' class='avatar avatar-18 photo' height='18' width='18' decoding='async'\/>\t\t\n\t\t\t\t\t<a href=\"https:\/\/pspzyrowa.zdzieszowice.pl\/author\/admin2pspzyrowa\/\" class=\"author\" rel=\"author\">@PSP \u017byrowa<\/a>\n\t\t\t\t\t\t\t\t\t<\/div>\n\t\t\t\t\t<div class=\"wd-modified-date\">\n\t\t\t\t\t\t\t\t<time class=\"updated\" datetime=\"2017-10-18T20:28:32+02:00\">\n\t\t\t2017-10-18\t\t<\/time>\n\t\t\t\t\t\t\t<\/div>\n\n\t\t\t\t\t\t\t\t\t\t\t<div tabindex=\"0\" class=\"wd-post-share wd-tltp\">\n\t\t\t\t\t\t\t<div class=\"tooltip top\">\n\t\t\t\t\t\t\t\t<div class=\"tooltip-inner\">\n\t\t\t\t\t\t\t\t\t\t\t\t<link rel=\"stylesheet\" id=\"wd-social-icons-css\" href=\"https:\/\/pspzyrowa.zdzieszowice.pl\/wp-content\/themes\/woodmart\/css\/parts\/el-social-icons.min.css?ver=8.3.9\" type=\"text\/css\" media=\"all\" \/> \t\t\t\t\t\t<div\n\t\t\t\t\t\tclass=\" wd-social-icons  wd-style-default wd-size-small social-share wd-shape-circle color-scheme-light text-center\">\n\t\t\t\t\n\t\t\t\t\n\t\t\t\t\t\t\t\t\t<a rel=\"noopener noreferrer nofollow\" href=\"https:\/\/www.facebook.com\/sharer\/sharer.php?u=https:\/\/pspzyrowa.zdzieszowice.pl\/aktualnosci\/\" target=\"_blank\" class=\" wd-social-icon social-facebook\" aria-label=\"Link spo\u0142eczno\u015bciowy Facebook\">\n\t\t\t\t\t\t<span class=\"wd-icon\"><\/span>\n\t\t\t\t\t\t\t\t\t\t\t<\/a>\n\t\t\t\t\n\t\t\t\t\t\t\t\t\t<a rel=\"noopener noreferrer nofollow\" href=\"https:\/\/x.com\/share?url=https:\/\/pspzyrowa.zdzieszowice.pl\/aktualnosci\/\" target=\"_blank\" class=\" wd-social-icon social-twitter\" aria-label=\"Link spo\u0142eczno\u015bciowy X\">\n\t\t\t\t\t\t<span class=\"wd-icon\"><\/span>\n\t\t\t\t\t\t\t\t\t\t\t<\/a>\n\t\t\t\t\n\t\t\t\t\n\t\t\t\t\n\t\t\t\t\n\t\t\t\t\n\t\t\t\t\n\t\t\t\t\t\t\t\t\t<a rel=\"noopener noreferrer nofollow\" href=\"https:\/\/pinterest.com\/pin\/create\/button\/?url=https:\/\/pspzyrowa.zdzieszowice.pl\/aktualnosci\/&media=https:\/\/pspzyrowa.zdzieszowice.pl\/wp-includes\/images\/media\/default.svg&description=17.10.2017+Wycieczka+do+%26%238222%3Bzaczarowanego+%C5%9Bwiata%26%238221%3B+w+ramach+projektu+%26%238222%3BSekrety+nauki%26%238221%3B\" target=\"_blank\" class=\" wd-social-icon social-pinterest\" aria-label=\"Link spo\u0142eczno\u015bciowy Pinterest\">\n\t\t\t\t\t\t<span class=\"wd-icon\"><\/span>\n\t\t\t\t\t\t\t\t\t\t\t<\/a>\n\t\t\t\t\n\t\t\t\t\n\t\t\t\t\t\t\t\t\t<a rel=\"noopener noreferrer nofollow\" href=\"https:\/\/www.linkedin.com\/shareArticle?mini=true&url=https:\/\/pspzyrowa.zdzieszowice.pl\/aktualnosci\/\" target=\"_blank\" class=\" wd-social-icon social-linkedin\" aria-label=\"Link spo\u0142eczno\u015bciowy LinkedIn\">\n\t\t\t\t\t\t<span class=\"wd-icon\"><\/span>\n\t\t\t\t\t\t\t\t\t\t\t<\/a>\n\t\t\t\t\n\t\t\t\t\n\t\t\t\t\n\t\t\t\t\n\t\t\t\t\n\t\t\t\t\n\t\t\t\t\n\t\t\t\t\n\t\t\t\t\n\t\t\t\t\n\t\t\t\t\n\t\t\t\t\n\t\t\t\t\n\t\t\t\t\n\t\t\t\t\n\t\t\t\t\t\t\t\t\t<a rel=\"noopener noreferrer nofollow\" href=\"https:\/\/telegram.me\/share\/url?url=https:\/\/pspzyrowa.zdzieszowice.pl\/aktualnosci\/\" target=\"_blank\" class=\" wd-social-icon social-tg\" aria-label=\"Link spo\u0142eczno\u015bciowy Telegram\">\n\t\t\t\t\t\t<span class=\"wd-icon\"><\/span>\n\t\t\t\t\t\t\t\t\t\t\t<\/a>\n\t\t\t\t\n\t\t\t\t\n\t\t\t<\/div>\n\n\t\t\t\t\t\t\t\t\t\t<\/div>\n\t\t\t\t\t\t\t\t<div class=\"tooltip-arrow\"><\/div>\n\t\t\t\t\t\t\t<\/div>\n\t\t\t\t\t\t<\/div>\n\t\t\t\t\t\n\t\t\t\t\t\t\t\t\t<\/div>\n\t\t\t\n\t\t\t\t\t\t\t\t\t\t\t\t<div class=\"wd-post-excerpt entry-content\">\n\t\t\t\t\t\t17 pa\u017adziernika 2017r. uczniowie klasy III i IV z wychowawcami ( pani\u0105 Jajug\u0105 i Kujawsk\u0105) uczestniczyli w zaj\u0119cia zorganizowanych w Opo...\t\t\t\t\t<\/div>\n\t\t\t\t\n\t\t\t\t\t\t\t\t\t\t\t\t\t\t<div class=\"wd-post-read-more wd-style-link read-more-section\">\n\t\t\t\t\t\t<a class=\"\" href=\"https:\/\/pspzyrowa.zdzieszowice.pl\/17-10-2017-wycieczka-do-zaczarowanego-swiata-w-ramach-projektu-sekrety-nauki\/\">Czytaj dalej<\/a>\t\t\t\t\t<\/div>\n\t\t\t\t\t\t\t\t\t\t\t\t\t<\/div>\n\t<\/div>\n<\/article>\n\n\t\t\t\t\t\t\t\t\t\t\t\n<article id=\"post-4030\" class=\"wd-post blog-design-default blog-post-loop blog-style-bg wd-add-shadow wd-col post-4030 post type-post status-publish format-standard hentry category-aktualnosci\">\n\t<div class=\"wd-post-inner article-inner\">\n\t\t\n\t\t<div class=\"wd-post-content article-body-container\">\n\t\t\t\t\t\t\t<div class=\"wd-post-cat wd-style-with-bg meta-post-categories\">\n\t\t\t\t\t<a href=\"https:\/\/pspzyrowa.zdzieszowice.pl\/category\/aktualnosci\/\" rel=\"category tag\">Aktualno\u015bci<\/a>\t\t\t\t<\/div>\n\t\t\t\n\t\t\t\t\t\t\t<h3 class=\"wd-post-title wd-entities-title title post-title\">\n\t\t\t\t\t<a href=\"https:\/\/pspzyrowa.zdzieszowice.pl\/13-10-2017-dzien-edukacji-narodowej\/\" rel=\"bookmark\">13.10.2017 Dzie\u0144 Edukacji Narodowej<\/a>\n\t\t\t\t<\/h3>\n\t\t\t\n\t\t\t\t\t\t\t<div class=\"wd-post-meta\">\n\t\t\t\t\t\t\t\t\t\t\t\t\t\t\t<div class=\"wd-post-author\">\n\t\t\t\t\t\t\t\t\t\t\t<span>Opublikowano przez<\/span>\n\t\t\n\t\t\t\t\t<img alt='author-avatar' src='https:\/\/secure.gravatar.com\/avatar\/1157df78ac73d907245b92e8fb34cfe8f29740ee591df4bd55d6a7c21115a871?s=18&#038;d=mm&#038;r=g' srcset='https:\/\/secure.gravatar.com\/avatar\/1157df78ac73d907245b92e8fb34cfe8f29740ee591df4bd55d6a7c21115a871?s=36&#038;d=mm&#038;r=g 2x' class='avatar avatar-18 photo' height='18' width='18' decoding='async'\/>\t\t\n\t\t\t\t\t<a href=\"https:\/\/pspzyrowa.zdzieszowice.pl\/author\/admin2pspzyrowa\/\" class=\"author\" rel=\"author\">@PSP \u017byrowa<\/a>\n\t\t\t\t\t\t\t\t\t<\/div>\n\t\t\t\t\t<div class=\"wd-modified-date\">\n\t\t\t\t\t\t\t\t<time class=\"updated\" datetime=\"2017-10-18T20:18:18+02:00\">\n\t\t\t2017-10-18\t\t<\/time>\n\t\t\t\t\t\t\t<\/div>\n\n\t\t\t\t\t\t\t\t\t\t\t<div tabindex=\"0\" class=\"wd-post-share wd-tltp\">\n\t\t\t\t\t\t\t<div class=\"tooltip top\">\n\t\t\t\t\t\t\t\t<div class=\"tooltip-inner\">\n\t\t\t\t\t\t\t\t\t\t\t\t<div\n\t\t\t\t\t\tclass=\" wd-social-icons  wd-style-default wd-size-small social-share wd-shape-circle color-scheme-light text-center\">\n\t\t\t\t\n\t\t\t\t\n\t\t\t\t\t\t\t\t\t<a rel=\"noopener noreferrer nofollow\" href=\"https:\/\/www.facebook.com\/sharer\/sharer.php?u=https:\/\/pspzyrowa.zdzieszowice.pl\/aktualnosci\/\" target=\"_blank\" class=\" wd-social-icon social-facebook\" aria-label=\"Link spo\u0142eczno\u015bciowy Facebook\">\n\t\t\t\t\t\t<span class=\"wd-icon\"><\/span>\n\t\t\t\t\t\t\t\t\t\t\t<\/a>\n\t\t\t\t\n\t\t\t\t\t\t\t\t\t<a rel=\"noopener noreferrer nofollow\" href=\"https:\/\/x.com\/share?url=https:\/\/pspzyrowa.zdzieszowice.pl\/aktualnosci\/\" target=\"_blank\" class=\" wd-social-icon social-twitter\" aria-label=\"Link spo\u0142eczno\u015bciowy X\">\n\t\t\t\t\t\t<span class=\"wd-icon\"><\/span>\n\t\t\t\t\t\t\t\t\t\t\t<\/a>\n\t\t\t\t\n\t\t\t\t\n\t\t\t\t\n\t\t\t\t\n\t\t\t\t\n\t\t\t\t\n\t\t\t\t\t\t\t\t\t<a rel=\"noopener noreferrer nofollow\" href=\"https:\/\/pinterest.com\/pin\/create\/button\/?url=https:\/\/pspzyrowa.zdzieszowice.pl\/aktualnosci\/&media=https:\/\/pspzyrowa.zdzieszowice.pl\/wp-includes\/images\/media\/default.svg&description=13.10.2017+Dzie%C5%84+Edukacji+Narodowej\" target=\"_blank\" class=\" wd-social-icon social-pinterest\" aria-label=\"Link spo\u0142eczno\u015bciowy Pinterest\">\n\t\t\t\t\t\t<span class=\"wd-icon\"><\/span>\n\t\t\t\t\t\t\t\t\t\t\t<\/a>\n\t\t\t\t\n\t\t\t\t\n\t\t\t\t\t\t\t\t\t<a rel=\"noopener noreferrer nofollow\" href=\"https:\/\/www.linkedin.com\/shareArticle?mini=true&url=https:\/\/pspzyrowa.zdzieszowice.pl\/aktualnosci\/\" target=\"_blank\" class=\" wd-social-icon social-linkedin\" aria-label=\"Link spo\u0142eczno\u015bciowy LinkedIn\">\n\t\t\t\t\t\t<span class=\"wd-icon\"><\/span>\n\t\t\t\t\t\t\t\t\t\t\t<\/a>\n\t\t\t\t\n\t\t\t\t\n\t\t\t\t\n\t\t\t\t\n\t\t\t\t\n\t\t\t\t\n\t\t\t\t\n\t\t\t\t\n\t\t\t\t\n\t\t\t\t\n\t\t\t\t\n\t\t\t\t\n\t\t\t\t\n\t\t\t\t\n\t\t\t\t\n\t\t\t\t\t\t\t\t\t<a rel=\"noopener noreferrer nofollow\" href=\"https:\/\/telegram.me\/share\/url?url=https:\/\/pspzyrowa.zdzieszowice.pl\/aktualnosci\/\" target=\"_blank\" class=\" wd-social-icon social-tg\" aria-label=\"Link spo\u0142eczno\u015bciowy Telegram\">\n\t\t\t\t\t\t<span class=\"wd-icon\"><\/span>\n\t\t\t\t\t\t\t\t\t\t\t<\/a>\n\t\t\t\t\n\t\t\t\t\n\t\t\t<\/div>\n\n\t\t\t\t\t\t\t\t\t\t<\/div>\n\t\t\t\t\t\t\t\t<div class=\"tooltip-arrow\"><\/div>\n\t\t\t\t\t\t\t<\/div>\n\t\t\t\t\t\t<\/div>\n\t\t\t\t\t\n\t\t\t\t\t\t\t\t\t<\/div>\n\t\t\t\n\t\t\t\t\t\t\t\t\t\t\t\t<div class=\"wd-post-excerpt entry-content\">\n\t\t\t\t\t\t13 pa\u017adziernika 2017 r. uczcili\u015bmy \u015bwi\u0119to wszystkich pracownik\u00f3w o\u015bwiaty uczestnicz\u0105c w apelu z okazji \u015awi\u0119ta Edukacji. Pan Dyrektor z\u0142...\t\t\t\t\t<\/div>\n\t\t\t\t\n\t\t\t\t\t\t\t\t\t\t\t\t\t\t<div class=\"wd-post-read-more wd-style-link read-more-section\">\n\t\t\t\t\t\t<a class=\"\" href=\"https:\/\/pspzyrowa.zdzieszowice.pl\/13-10-2017-dzien-edukacji-narodowej\/\">Czytaj dalej<\/a>\t\t\t\t\t<\/div>\n\t\t\t\t\t\t\t\t\t\t\t\t\t<\/div>\n\t<\/div>\n<\/article>\n\n\t\t\t\t\t\t\t\t\t\t\t\n<article id=\"post-4028\" class=\"wd-post blog-design-default blog-post-loop blog-style-bg wd-add-shadow wd-col post-4028 post type-post status-publish format-standard hentry category-aktualnosci\">\n\t<div class=\"wd-post-inner article-inner\">\n\t\t\n\t\t<div class=\"wd-post-content article-body-container\">\n\t\t\t\t\t\t\t<div class=\"wd-post-cat wd-style-with-bg meta-post-categories\">\n\t\t\t\t\t<a href=\"https:\/\/pspzyrowa.zdzieszowice.pl\/category\/aktualnosci\/\" rel=\"category tag\">Aktualno\u015bci<\/a>\t\t\t\t<\/div>\n\t\t\t\n\t\t\t\t\t\t\t<h3 class=\"wd-post-title wd-entities-title title post-title\">\n\t\t\t\t\t<a href=\"https:\/\/pspzyrowa.zdzieszowice.pl\/16-10-2017-dzien-patrona-szkoly\/\" rel=\"bookmark\">16.10.2017 Dzie\u0144 Patrona Szko\u0142y<\/a>\n\t\t\t\t<\/h3>\n\t\t\t\n\t\t\t\t\t\t\t<div class=\"wd-post-meta\">\n\t\t\t\t\t\t\t\t\t\t\t\t\t\t\t<div class=\"wd-post-author\">\n\t\t\t\t\t\t\t\t\t\t\t<span>Opublikowano przez<\/span>\n\t\t\n\t\t\t\t\t<img alt='author-avatar' src='https:\/\/secure.gravatar.com\/avatar\/1157df78ac73d907245b92e8fb34cfe8f29740ee591df4bd55d6a7c21115a871?s=18&#038;d=mm&#038;r=g' srcset='https:\/\/secure.gravatar.com\/avatar\/1157df78ac73d907245b92e8fb34cfe8f29740ee591df4bd55d6a7c21115a871?s=36&#038;d=mm&#038;r=g 2x' class='avatar avatar-18 photo' height='18' width='18' decoding='async'\/>\t\t\n\t\t\t\t\t<a href=\"https:\/\/pspzyrowa.zdzieszowice.pl\/author\/admin2pspzyrowa\/\" class=\"author\" rel=\"author\">@PSP \u017byrowa<\/a>\n\t\t\t\t\t\t\t\t\t<\/div>\n\t\t\t\t\t<div class=\"wd-modified-date\">\n\t\t\t\t\t\t\t\t<time class=\"updated\" datetime=\"2017-10-17T15:42:16+02:00\">\n\t\t\t2017-10-17\t\t<\/time>\n\t\t\t\t\t\t\t<\/div>\n\n\t\t\t\t\t\t\t\t\t\t\t<div tabindex=\"0\" class=\"wd-post-share wd-tltp\">\n\t\t\t\t\t\t\t<div class=\"tooltip top\">\n\t\t\t\t\t\t\t\t<div class=\"tooltip-inner\">\n\t\t\t\t\t\t\t\t\t\t\t\t<div\n\t\t\t\t\t\tclass=\" wd-social-icons  wd-style-default wd-size-small social-share wd-shape-circle color-scheme-light text-center\">\n\t\t\t\t\n\t\t\t\t\n\t\t\t\t\t\t\t\t\t<a rel=\"noopener noreferrer nofollow\" href=\"https:\/\/www.facebook.com\/sharer\/sharer.php?u=https:\/\/pspzyrowa.zdzieszowice.pl\/aktualnosci\/\" target=\"_blank\" class=\" wd-social-icon social-facebook\" aria-label=\"Link spo\u0142eczno\u015bciowy Facebook\">\n\t\t\t\t\t\t<span class=\"wd-icon\"><\/span>\n\t\t\t\t\t\t\t\t\t\t\t<\/a>\n\t\t\t\t\n\t\t\t\t\t\t\t\t\t<a rel=\"noopener noreferrer nofollow\" href=\"https:\/\/x.com\/share?url=https:\/\/pspzyrowa.zdzieszowice.pl\/aktualnosci\/\" target=\"_blank\" class=\" wd-social-icon social-twitter\" aria-label=\"Link spo\u0142eczno\u015bciowy X\">\n\t\t\t\t\t\t<span class=\"wd-icon\"><\/span>\n\t\t\t\t\t\t\t\t\t\t\t<\/a>\n\t\t\t\t\n\t\t\t\t\n\t\t\t\t\n\t\t\t\t\n\t\t\t\t\n\t\t\t\t\n\t\t\t\t\t\t\t\t\t<a rel=\"noopener noreferrer nofollow\" href=\"https:\/\/pinterest.com\/pin\/create\/button\/?url=https:\/\/pspzyrowa.zdzieszowice.pl\/aktualnosci\/&media=https:\/\/pspzyrowa.zdzieszowice.pl\/wp-includes\/images\/media\/default.svg&description=16.10.2017+Dzie%C5%84+Patrona+Szko%C5%82y\" target=\"_blank\" class=\" wd-social-icon social-pinterest\" aria-label=\"Link spo\u0142eczno\u015bciowy Pinterest\">\n\t\t\t\t\t\t<span class=\"wd-icon\"><\/span>\n\t\t\t\t\t\t\t\t\t\t\t<\/a>\n\t\t\t\t\n\t\t\t\t\n\t\t\t\t\t\t\t\t\t<a rel=\"noopener noreferrer nofollow\" href=\"https:\/\/www.linkedin.com\/shareArticle?mini=true&url=https:\/\/pspzyrowa.zdzieszowice.pl\/aktualnosci\/\" target=\"_blank\" class=\" wd-social-icon social-linkedin\" aria-label=\"Link spo\u0142eczno\u015bciowy LinkedIn\">\n\t\t\t\t\t\t<span class=\"wd-icon\"><\/span>\n\t\t\t\t\t\t\t\t\t\t\t<\/a>\n\t\t\t\t\n\t\t\t\t\n\t\t\t\t\n\t\t\t\t\n\t\t\t\t\n\t\t\t\t\n\t\t\t\t\n\t\t\t\t\n\t\t\t\t\n\t\t\t\t\n\t\t\t\t\n\t\t\t\t\n\t\t\t\t\n\t\t\t\t\n\t\t\t\t\n\t\t\t\t\t\t\t\t\t<a rel=\"noopener noreferrer nofollow\" href=\"https:\/\/telegram.me\/share\/url?url=https:\/\/pspzyrowa.zdzieszowice.pl\/aktualnosci\/\" target=\"_blank\" class=\" wd-social-icon social-tg\" aria-label=\"Link spo\u0142eczno\u015bciowy Telegram\">\n\t\t\t\t\t\t<span class=\"wd-icon\"><\/span>\n\t\t\t\t\t\t\t\t\t\t\t<\/a>\n\t\t\t\t\n\t\t\t\t\n\t\t\t<\/div>\n\n\t\t\t\t\t\t\t\t\t\t<\/div>\n\t\t\t\t\t\t\t\t<div class=\"tooltip-arrow\"><\/div>\n\t\t\t\t\t\t\t<\/div>\n\t\t\t\t\t\t<\/div>\n\t\t\t\t\t\n\t\t\t\t\t\t\t\t\t<\/div>\n\t\t\t\n\t\t\t\t\t\t\t\t\t\t\t\t<div class=\"wd-post-excerpt entry-content\">\n\t\t\t\t\t\tDnia 16 pa\u017adziernika 2017 r. o godzinie 9.00. odby\u0142 si\u0119 apel z okazji Dnia Patrona Szko\u0142y.&nbsp;Uczniowie przypomnieli \u017cyciorys Patrona...\t\t\t\t\t<\/div>\n\t\t\t\t\n\t\t\t\t\t\t\t\t\t\t\t\t\t\t<div class=\"wd-post-read-more wd-style-link read-more-section\">\n\t\t\t\t\t\t<a class=\"\" href=\"https:\/\/pspzyrowa.zdzieszowice.pl\/16-10-2017-dzien-patrona-szkoly\/\">Czytaj dalej<\/a>\t\t\t\t\t<\/div>\n\t\t\t\t\t\t\t\t\t\t\t\t\t<\/div>\n\t<\/div>\n<\/article>\n\n\t\t\t\t\t\t\t\t\t\t\t\n<article id=\"post-4027\" class=\"wd-post blog-design-default blog-post-loop blog-style-bg wd-add-shadow wd-col post-4027 post type-post status-publish format-standard hentry category-aktualnosci\">\n\t<div class=\"wd-post-inner article-inner\">\n\t\t\n\t\t<div class=\"wd-post-content article-body-container\">\n\t\t\t\t\t\t\t<div class=\"wd-post-cat wd-style-with-bg meta-post-categories\">\n\t\t\t\t\t<a href=\"https:\/\/pspzyrowa.zdzieszowice.pl\/category\/aktualnosci\/\" rel=\"category tag\">Aktualno\u015bci<\/a>\t\t\t\t<\/div>\n\t\t\t\n\t\t\t\t\t\t\t<h3 class=\"wd-post-title wd-entities-title title post-title\">\n\t\t\t\t\t<a href=\"https:\/\/pspzyrowa.zdzieszowice.pl\/16-10-2017-wyjazd-do-rodziny-patrona-szkoly\/\" rel=\"bookmark\">16.10.2017 Wyjazd do Rodziny Patrona Szko\u0142y<\/a>\n\t\t\t\t<\/h3>\n\t\t\t\n\t\t\t\t\t\t\t<div class=\"wd-post-meta\">\n\t\t\t\t\t\t\t\t\t\t\t\t\t\t\t<div class=\"wd-post-author\">\n\t\t\t\t\t\t\t\t\t\t\t<span>Opublikowano przez<\/span>\n\t\t\n\t\t\t\t\t<img alt='author-avatar' src='https:\/\/secure.gravatar.com\/avatar\/1157df78ac73d907245b92e8fb34cfe8f29740ee591df4bd55d6a7c21115a871?s=18&#038;d=mm&#038;r=g' srcset='https:\/\/secure.gravatar.com\/avatar\/1157df78ac73d907245b92e8fb34cfe8f29740ee591df4bd55d6a7c21115a871?s=36&#038;d=mm&#038;r=g 2x' class='avatar avatar-18 photo' height='18' width='18' loading='lazy' decoding='async'\/>\t\t\n\t\t\t\t\t<a href=\"https:\/\/pspzyrowa.zdzieszowice.pl\/author\/admin2pspzyrowa\/\" class=\"author\" rel=\"author\">@PSP \u017byrowa<\/a>\n\t\t\t\t\t\t\t\t\t<\/div>\n\t\t\t\t\t<div class=\"wd-modified-date\">\n\t\t\t\t\t\t\t\t<time class=\"updated\" datetime=\"2017-10-17T12:55:37+02:00\">\n\t\t\t2017-10-17\t\t<\/time>\n\t\t\t\t\t\t\t<\/div>\n\n\t\t\t\t\t\t\t\t\t\t\t<div tabindex=\"0\" class=\"wd-post-share wd-tltp\">\n\t\t\t\t\t\t\t<div class=\"tooltip top\">\n\t\t\t\t\t\t\t\t<div class=\"tooltip-inner\">\n\t\t\t\t\t\t\t\t\t\t\t\t<div\n\t\t\t\t\t\tclass=\" wd-social-icons  wd-style-default wd-size-small social-share wd-shape-circle color-scheme-light text-center\">\n\t\t\t\t\n\t\t\t\t\n\t\t\t\t\t\t\t\t\t<a rel=\"noopener noreferrer nofollow\" href=\"https:\/\/www.facebook.com\/sharer\/sharer.php?u=https:\/\/pspzyrowa.zdzieszowice.pl\/aktualnosci\/\" target=\"_blank\" class=\" wd-social-icon social-facebook\" aria-label=\"Link spo\u0142eczno\u015bciowy Facebook\">\n\t\t\t\t\t\t<span class=\"wd-icon\"><\/span>\n\t\t\t\t\t\t\t\t\t\t\t<\/a>\n\t\t\t\t\n\t\t\t\t\t\t\t\t\t<a rel=\"noopener noreferrer nofollow\" href=\"https:\/\/x.com\/share?url=https:\/\/pspzyrowa.zdzieszowice.pl\/aktualnosci\/\" target=\"_blank\" class=\" wd-social-icon social-twitter\" aria-label=\"Link spo\u0142eczno\u015bciowy X\">\n\t\t\t\t\t\t<span class=\"wd-icon\"><\/span>\n\t\t\t\t\t\t\t\t\t\t\t<\/a>\n\t\t\t\t\n\t\t\t\t\n\t\t\t\t\n\t\t\t\t\n\t\t\t\t\n\t\t\t\t\n\t\t\t\t\t\t\t\t\t<a rel=\"noopener noreferrer nofollow\" href=\"https:\/\/pinterest.com\/pin\/create\/button\/?url=https:\/\/pspzyrowa.zdzieszowice.pl\/aktualnosci\/&media=https:\/\/pspzyrowa.zdzieszowice.pl\/wp-includes\/images\/media\/default.svg&description=16.10.2017+Wyjazd+do+Rodziny+Patrona+Szko%C5%82y\" target=\"_blank\" class=\" wd-social-icon social-pinterest\" aria-label=\"Link spo\u0142eczno\u015bciowy Pinterest\">\n\t\t\t\t\t\t<span class=\"wd-icon\"><\/span>\n\t\t\t\t\t\t\t\t\t\t\t<\/a>\n\t\t\t\t\n\t\t\t\t\n\t\t\t\t\t\t\t\t\t<a rel=\"noopener noreferrer nofollow\" href=\"https:\/\/www.linkedin.com\/shareArticle?mini=true&url=https:\/\/pspzyrowa.zdzieszowice.pl\/aktualnosci\/\" target=\"_blank\" class=\" wd-social-icon social-linkedin\" aria-label=\"Link spo\u0142eczno\u015bciowy LinkedIn\">\n\t\t\t\t\t\t<span class=\"wd-icon\"><\/span>\n\t\t\t\t\t\t\t\t\t\t\t<\/a>\n\t\t\t\t\n\t\t\t\t\n\t\t\t\t\n\t\t\t\t\n\t\t\t\t\n\t\t\t\t\n\t\t\t\t\n\t\t\t\t\n\t\t\t\t\n\t\t\t\t\n\t\t\t\t\n\t\t\t\t\n\t\t\t\t\n\t\t\t\t\n\t\t\t\t\n\t\t\t\t\t\t\t\t\t<a rel=\"noopener noreferrer nofollow\" href=\"https:\/\/telegram.me\/share\/url?url=https:\/\/pspzyrowa.zdzieszowice.pl\/aktualnosci\/\" target=\"_blank\" class=\" wd-social-icon social-tg\" aria-label=\"Link spo\u0142eczno\u015bciowy Telegram\">\n\t\t\t\t\t\t<span class=\"wd-icon\"><\/span>\n\t\t\t\t\t\t\t\t\t\t\t<\/a>\n\t\t\t\t\n\t\t\t\t\n\t\t\t<\/div>\n\n\t\t\t\t\t\t\t\t\t\t<\/div>\n\t\t\t\t\t\t\t\t<div class=\"tooltip-arrow\"><\/div>\n\t\t\t\t\t\t\t<\/div>\n\t\t\t\t\t\t<\/div>\n\t\t\t\t\t\n\t\t\t\t\t\t\t\t\t<\/div>\n\t\t\t\n\t\t\t\t\t\t\t\t\t\t\t\t<div class=\"wd-post-excerpt entry-content\">\n\t\t\t\t\t\t&nbsp;&nbsp;&nbsp;&nbsp;&nbsp; 16 pa\u017adziernika, delegacje uczni\u00f3w klas IV-VII wraz z nauczycielkami Jolant\u0105 Bell\u0105 i Judyt\u0105 Grzyb udali ...\t\t\t\t\t<\/div>\n\t\t\t\t\n\t\t\t\t\t\t\t\t\t\t\t\t\t\t<div class=\"wd-post-read-more wd-style-link read-more-section\">\n\t\t\t\t\t\t<a class=\"\" href=\"https:\/\/pspzyrowa.zdzieszowice.pl\/16-10-2017-wyjazd-do-rodziny-patrona-szkoly\/\">Czytaj dalej<\/a>\t\t\t\t\t<\/div>\n\t\t\t\t\t\t\t\t\t\t\t\t\t<\/div>\n\t<\/div>\n<\/article>\n\n\t\t\t\t\t\t\t\t\t\t\t\n<article id=\"post-4026\" class=\"wd-post blog-design-default blog-post-loop blog-style-bg wd-add-shadow wd-col post-4026 post type-post status-publish format-standard hentry category-aktualnosci\">\n\t<div class=\"wd-post-inner article-inner\">\n\t\t\n\t\t<div class=\"wd-post-content article-body-container\">\n\t\t\t\t\t\t\t<div class=\"wd-post-cat wd-style-with-bg meta-post-categories\">\n\t\t\t\t\t<a href=\"https:\/\/pspzyrowa.zdzieszowice.pl\/category\/aktualnosci\/\" rel=\"category tag\">Aktualno\u015bci<\/a>\t\t\t\t<\/div>\n\t\t\t\n\t\t\t\t\t\t\t<h3 class=\"wd-post-title wd-entities-title title post-title\">\n\t\t\t\t\t<a href=\"https:\/\/pspzyrowa.zdzieszowice.pl\/najlepsi-z-najlepszych-w-terenowym-turnieju-annogorski-ekolog-2017\/\" rel=\"bookmark\">10.10.2017 Najlepsi z najlepszych w Terenowym Turnieju &#8222;Annog\u00f3rski Ekolog 2017&#8221;!<\/a>\n\t\t\t\t<\/h3>\n\t\t\t\n\t\t\t\t\t\t\t<div class=\"wd-post-meta\">\n\t\t\t\t\t\t\t\t\t\t\t\t\t\t\t<div class=\"wd-post-author\">\n\t\t\t\t\t\t\t\t\t\t\t<span>Opublikowano przez<\/span>\n\t\t\n\t\t\t\t\t<img alt='author-avatar' src='https:\/\/secure.gravatar.com\/avatar\/1157df78ac73d907245b92e8fb34cfe8f29740ee591df4bd55d6a7c21115a871?s=18&#038;d=mm&#038;r=g' srcset='https:\/\/secure.gravatar.com\/avatar\/1157df78ac73d907245b92e8fb34cfe8f29740ee591df4bd55d6a7c21115a871?s=36&#038;d=mm&#038;r=g 2x' class='avatar avatar-18 photo' height='18' width='18' loading='lazy' decoding='async'\/>\t\t\n\t\t\t\t\t<a href=\"https:\/\/pspzyrowa.zdzieszowice.pl\/author\/admin2pspzyrowa\/\" class=\"author\" rel=\"author\">@PSP \u017byrowa<\/a>\n\t\t\t\t\t\t\t\t\t<\/div>\n\t\t\t\t\t<div class=\"wd-modified-date\">\n\t\t\t\t\t\t\t\t<time class=\"updated\" datetime=\"2017-10-17T07:56:41+02:00\">\n\t\t\t2017-10-17\t\t<\/time>\n\t\t\t\t\t\t\t<\/div>\n\n\t\t\t\t\t\t\t\t\t\t\t<div tabindex=\"0\" class=\"wd-post-share wd-tltp\">\n\t\t\t\t\t\t\t<div class=\"tooltip top\">\n\t\t\t\t\t\t\t\t<div class=\"tooltip-inner\">\n\t\t\t\t\t\t\t\t\t\t\t\t<div\n\t\t\t\t\t\tclass=\" wd-social-icons  wd-style-default wd-size-small social-share wd-shape-circle color-scheme-light text-center\">\n\t\t\t\t\n\t\t\t\t\n\t\t\t\t\t\t\t\t\t<a rel=\"noopener noreferrer nofollow\" href=\"https:\/\/www.facebook.com\/sharer\/sharer.php?u=https:\/\/pspzyrowa.zdzieszowice.pl\/aktualnosci\/\" target=\"_blank\" class=\" wd-social-icon social-facebook\" aria-label=\"Link spo\u0142eczno\u015bciowy Facebook\">\n\t\t\t\t\t\t<span class=\"wd-icon\"><\/span>\n\t\t\t\t\t\t\t\t\t\t\t<\/a>\n\t\t\t\t\n\t\t\t\t\t\t\t\t\t<a rel=\"noopener noreferrer nofollow\" href=\"https:\/\/x.com\/share?url=https:\/\/pspzyrowa.zdzieszowice.pl\/aktualnosci\/\" target=\"_blank\" class=\" wd-social-icon social-twitter\" aria-label=\"Link spo\u0142eczno\u015bciowy X\">\n\t\t\t\t\t\t<span class=\"wd-icon\"><\/span>\n\t\t\t\t\t\t\t\t\t\t\t<\/a>\n\t\t\t\t\n\t\t\t\t\n\t\t\t\t\n\t\t\t\t\n\t\t\t\t\n\t\t\t\t\n\t\t\t\t\t\t\t\t\t<a rel=\"noopener noreferrer nofollow\" href=\"https:\/\/pinterest.com\/pin\/create\/button\/?url=https:\/\/pspzyrowa.zdzieszowice.pl\/aktualnosci\/&media=https:\/\/pspzyrowa.zdzieszowice.pl\/wp-includes\/images\/media\/default.svg&description=10.10.2017+Najlepsi+z+najlepszych+w+Terenowym+Turnieju+%26%238222%3BAnnog%C3%B3rski+Ekolog+2017%26%238221%3B%21\" target=\"_blank\" class=\" wd-social-icon social-pinterest\" aria-label=\"Link spo\u0142eczno\u015bciowy Pinterest\">\n\t\t\t\t\t\t<span class=\"wd-icon\"><\/span>\n\t\t\t\t\t\t\t\t\t\t\t<\/a>\n\t\t\t\t\n\t\t\t\t\n\t\t\t\t\t\t\t\t\t<a rel=\"noopener noreferrer nofollow\" href=\"https:\/\/www.linkedin.com\/shareArticle?mini=true&url=https:\/\/pspzyrowa.zdzieszowice.pl\/aktualnosci\/\" target=\"_blank\" class=\" wd-social-icon social-linkedin\" aria-label=\"Link spo\u0142eczno\u015bciowy LinkedIn\">\n\t\t\t\t\t\t<span class=\"wd-icon\"><\/span>\n\t\t\t\t\t\t\t\t\t\t\t<\/a>\n\t\t\t\t\n\t\t\t\t\n\t\t\t\t\n\t\t\t\t\n\t\t\t\t\n\t\t\t\t\n\t\t\t\t\n\t\t\t\t\n\t\t\t\t\n\t\t\t\t\n\t\t\t\t\n\t\t\t\t\n\t\t\t\t\n\t\t\t\t\n\t\t\t\t\n\t\t\t\t\t\t\t\t\t<a rel=\"noopener noreferrer nofollow\" href=\"https:\/\/telegram.me\/share\/url?url=https:\/\/pspzyrowa.zdzieszowice.pl\/aktualnosci\/\" target=\"_blank\" class=\" wd-social-icon social-tg\" aria-label=\"Link spo\u0142eczno\u015bciowy Telegram\">\n\t\t\t\t\t\t<span class=\"wd-icon\"><\/span>\n\t\t\t\t\t\t\t\t\t\t\t<\/a>\n\t\t\t\t\n\t\t\t\t\n\t\t\t<\/div>\n\n\t\t\t\t\t\t\t\t\t\t<\/div>\n\t\t\t\t\t\t\t\t<div class=\"tooltip-arrow\"><\/div>\n\t\t\t\t\t\t\t<\/div>\n\t\t\t\t\t\t<\/div>\n\t\t\t\t\t\n\t\t\t\t\t\t\t\t\t<\/div>\n\t\t\t\n\t\t\t\t\t\t\t\t\t\t\t\t<div class=\"wd-post-excerpt entry-content\">\n\t\t\t\t\t\tUczniowie Marta Sperling, Paulina Mrozek i Mateusz Posid zdobyli 1. miejsce w Turnieju Annog\u00f3rski Ekolog 2017 etap rejonowy. Id\u0105c bardz...\t\t\t\t\t<\/div>\n\t\t\t\t\n\t\t\t\t\t\t\t\t\t\t\t\t\t\t<div class=\"wd-post-read-more wd-style-link read-more-section\">\n\t\t\t\t\t\t<a class=\"\" href=\"https:\/\/pspzyrowa.zdzieszowice.pl\/najlepsi-z-najlepszych-w-terenowym-turnieju-annogorski-ekolog-2017\/\">Czytaj dalej<\/a>\t\t\t\t\t<\/div>\n\t\t\t\t\t\t\t\t\t\t\t\t\t<\/div>\n\t<\/div>\n<\/article>\n\n\t\t\t\t\t\t\t\t\t\t\t\n<article id=\"post-4025\" class=\"wd-post blog-design-default blog-post-loop blog-style-bg wd-add-shadow wd-col post-4025 post type-post status-publish format-standard hentry category-aktualnosci\">\n\t<div class=\"wd-post-inner article-inner\">\n\t\t\n\t\t<div class=\"wd-post-content article-body-container\">\n\t\t\t\t\t\t\t<div class=\"wd-post-cat wd-style-with-bg meta-post-categories\">\n\t\t\t\t\t<a href=\"https:\/\/pspzyrowa.zdzieszowice.pl\/category\/aktualnosci\/\" rel=\"category tag\">Aktualno\u015bci<\/a>\t\t\t\t<\/div>\n\t\t\t\n\t\t\t\t\t\t\t<h3 class=\"wd-post-title wd-entities-title title post-title\">\n\t\t\t\t\t<a href=\"https:\/\/pspzyrowa.zdzieszowice.pl\/podsumowanie-akcji-kup-pan-szczoteczke\/\" rel=\"bookmark\">Podsumowanie akcji &#8222;Kup Pan szczoteczk\u0119&#8221;<\/a>\n\t\t\t\t<\/h3>\n\t\t\t\n\t\t\t\t\t\t\t<div class=\"wd-post-meta\">\n\t\t\t\t\t\t\t\t\t\t\t\t\t\t\t<div class=\"wd-post-author\">\n\t\t\t\t\t\t\t\t\t\t\t<span>Opublikowano przez<\/span>\n\t\t\n\t\t\t\t\t<img alt='author-avatar' src='https:\/\/secure.gravatar.com\/avatar\/1157df78ac73d907245b92e8fb34cfe8f29740ee591df4bd55d6a7c21115a871?s=18&#038;d=mm&#038;r=g' srcset='https:\/\/secure.gravatar.com\/avatar\/1157df78ac73d907245b92e8fb34cfe8f29740ee591df4bd55d6a7c21115a871?s=36&#038;d=mm&#038;r=g 2x' class='avatar avatar-18 photo' height='18' width='18' loading='lazy' decoding='async'\/>\t\t\n\t\t\t\t\t<a href=\"https:\/\/pspzyrowa.zdzieszowice.pl\/author\/admin2pspzyrowa\/\" class=\"author\" rel=\"author\">@PSP \u017byrowa<\/a>\n\t\t\t\t\t\t\t\t\t<\/div>\n\t\t\t\t\t<div class=\"wd-modified-date\">\n\t\t\t\t\t\t\t\t<time class=\"updated\" datetime=\"2017-10-16T08:19:15+02:00\">\n\t\t\t2017-10-16\t\t<\/time>\n\t\t\t\t\t\t\t<\/div>\n\n\t\t\t\t\t\t\t\t\t\t\t<div tabindex=\"0\" class=\"wd-post-share wd-tltp\">\n\t\t\t\t\t\t\t<div class=\"tooltip top\">\n\t\t\t\t\t\t\t\t<div class=\"tooltip-inner\">\n\t\t\t\t\t\t\t\t\t\t\t\t<div\n\t\t\t\t\t\tclass=\" wd-social-icons  wd-style-default wd-size-small social-share wd-shape-circle color-scheme-light text-center\">\n\t\t\t\t\n\t\t\t\t\n\t\t\t\t\t\t\t\t\t<a rel=\"noopener noreferrer nofollow\" href=\"https:\/\/www.facebook.com\/sharer\/sharer.php?u=https:\/\/pspzyrowa.zdzieszowice.pl\/aktualnosci\/\" target=\"_blank\" class=\" wd-social-icon social-facebook\" aria-label=\"Link spo\u0142eczno\u015bciowy Facebook\">\n\t\t\t\t\t\t<span class=\"wd-icon\"><\/span>\n\t\t\t\t\t\t\t\t\t\t\t<\/a>\n\t\t\t\t\n\t\t\t\t\t\t\t\t\t<a rel=\"noopener noreferrer nofollow\" href=\"https:\/\/x.com\/share?url=https:\/\/pspzyrowa.zdzieszowice.pl\/aktualnosci\/\" target=\"_blank\" class=\" wd-social-icon social-twitter\" aria-label=\"Link spo\u0142eczno\u015bciowy X\">\n\t\t\t\t\t\t<span class=\"wd-icon\"><\/span>\n\t\t\t\t\t\t\t\t\t\t\t<\/a>\n\t\t\t\t\n\t\t\t\t\n\t\t\t\t\n\t\t\t\t\n\t\t\t\t\n\t\t\t\t\n\t\t\t\t\t\t\t\t\t<a rel=\"noopener noreferrer nofollow\" href=\"https:\/\/pinterest.com\/pin\/create\/button\/?url=https:\/\/pspzyrowa.zdzieszowice.pl\/aktualnosci\/&media=https:\/\/pspzyrowa.zdzieszowice.pl\/wp-includes\/images\/media\/default.svg&description=Podsumowanie+akcji+%26%238222%3BKup+Pan+szczoteczk%C4%99%26%238221%3B\" target=\"_blank\" class=\" wd-social-icon social-pinterest\" aria-label=\"Link spo\u0142eczno\u015bciowy Pinterest\">\n\t\t\t\t\t\t<span class=\"wd-icon\"><\/span>\n\t\t\t\t\t\t\t\t\t\t\t<\/a>\n\t\t\t\t\n\t\t\t\t\n\t\t\t\t\t\t\t\t\t<a rel=\"noopener noreferrer nofollow\" href=\"https:\/\/www.linkedin.com\/shareArticle?mini=true&url=https:\/\/pspzyrowa.zdzieszowice.pl\/aktualnosci\/\" target=\"_blank\" class=\" wd-social-icon social-linkedin\" aria-label=\"Link spo\u0142eczno\u015bciowy LinkedIn\">\n\t\t\t\t\t\t<span class=\"wd-icon\"><\/span>\n\t\t\t\t\t\t\t\t\t\t\t<\/a>\n\t\t\t\t\n\t\t\t\t\n\t\t\t\t\n\t\t\t\t\n\t\t\t\t\n\t\t\t\t\n\t\t\t\t\n\t\t\t\t\n\t\t\t\t\n\t\t\t\t\n\t\t\t\t\n\t\t\t\t\n\t\t\t\t\n\t\t\t\t\n\t\t\t\t\n\t\t\t\t\t\t\t\t\t<a rel=\"noopener noreferrer nofollow\" href=\"https:\/\/telegram.me\/share\/url?url=https:\/\/pspzyrowa.zdzieszowice.pl\/aktualnosci\/\" target=\"_blank\" class=\" wd-social-icon social-tg\" aria-label=\"Link spo\u0142eczno\u015bciowy Telegram\">\n\t\t\t\t\t\t<span class=\"wd-icon\"><\/span>\n\t\t\t\t\t\t\t\t\t\t\t<\/a>\n\t\t\t\t\n\t\t\t\t\n\t\t\t<\/div>\n\n\t\t\t\t\t\t\t\t\t\t<\/div>\n\t\t\t\t\t\t\t\t<div class=\"tooltip-arrow\"><\/div>\n\t\t\t\t\t\t\t<\/div>\n\t\t\t\t\t\t<\/div>\n\t\t\t\t\t\n\t\t\t\t\t\t\t\t\t<\/div>\n\t\t\t\n\t\t\t\t\t\t\t\t\t\t\t\t<div class=\"wd-post-excerpt entry-content\">\n\t\t\t\t\t\tLubimy pomaga\u0107!!! Z wielk\u0105 rado\u015bci\u0105 informujemy Was, \u017ce w ramach akcji \u201eKup Pan szczoteczk\u0119\u201d uda\u0142o nam si\u0119 zebra\u0107 510 szczoteczek i 469...\t\t\t\t\t<\/div>\n\t\t\t\t\n\t\t\t\t\t\t\t\t\t\t\t\t\t\t<div class=\"wd-post-read-more wd-style-link read-more-section\">\n\t\t\t\t\t\t<a class=\"\" href=\"https:\/\/pspzyrowa.zdzieszowice.pl\/podsumowanie-akcji-kup-pan-szczoteczke\/\">Czytaj dalej<\/a>\t\t\t\t\t<\/div>\n\t\t\t\t\t\t\t\t\t\t\t\t\t<\/div>\n\t<\/div>\n<\/article>\n\n\t\t\t\t\t\t\t\t\t\t\t\n<article id=\"post-4024\" class=\"wd-post blog-design-default blog-post-loop blog-style-bg wd-add-shadow wd-col post-4024 post type-post status-publish format-standard hentry category-aktualnosci\">\n\t<div class=\"wd-post-inner article-inner\">\n\t\t\n\t\t<div class=\"wd-post-content article-body-container\">\n\t\t\t\t\t\t\t<div class=\"wd-post-cat wd-style-with-bg meta-post-categories\">\n\t\t\t\t\t<a href=\"https:\/\/pspzyrowa.zdzieszowice.pl\/category\/aktualnosci\/\" rel=\"category tag\">Aktualno\u015bci<\/a>\t\t\t\t<\/div>\n\t\t\t\n\t\t\t\t\t\t\t<h3 class=\"wd-post-title wd-entities-title title post-title\">\n\t\t\t\t\t<a href=\"https:\/\/pspzyrowa.zdzieszowice.pl\/zarzadzenie-nr-4-2017-dyrektora-szkoly-w-sprawie-ustalenia-dodatkowych-dni-wolnych-od-zajec-dydaktyczno-wychowawczych-w-roku-szkolnym-2017-2018\/\" rel=\"bookmark\">Zarzadzenie nr 4\/2017 Dyrektora Szko\u0142y w sprawie ustalenia dodatkowych dni wolnych od zaj\u0119\u0107 dydaktyczno-wychowawczych  w roku szkolnym 2017\/2018<\/a>\n\t\t\t\t<\/h3>\n\t\t\t\n\t\t\t\t\t\t\t<div class=\"wd-post-meta\">\n\t\t\t\t\t\t\t\t\t\t\t\t\t\t\t<div class=\"wd-post-author\">\n\t\t\t\t\t\t\t\t\t\t\t<span>Opublikowano przez<\/span>\n\t\t\n\t\t\t\t\t<img alt='author-avatar' src='https:\/\/secure.gravatar.com\/avatar\/1157df78ac73d907245b92e8fb34cfe8f29740ee591df4bd55d6a7c21115a871?s=18&#038;d=mm&#038;r=g' srcset='https:\/\/secure.gravatar.com\/avatar\/1157df78ac73d907245b92e8fb34cfe8f29740ee591df4bd55d6a7c21115a871?s=36&#038;d=mm&#038;r=g 2x' class='avatar avatar-18 photo' height='18' width='18' loading='lazy' decoding='async'\/>\t\t\n\t\t\t\t\t<a href=\"https:\/\/pspzyrowa.zdzieszowice.pl\/author\/admin2pspzyrowa\/\" class=\"author\" rel=\"author\">@PSP \u017byrowa<\/a>\n\t\t\t\t\t\t\t\t\t<\/div>\n\t\t\t\t\t<div class=\"wd-modified-date\">\n\t\t\t\t\t\t\t\t<time class=\"updated\" datetime=\"2017-10-16T08:06:23+02:00\">\n\t\t\t2017-10-16\t\t<\/time>\n\t\t\t\t\t\t\t<\/div>\n\n\t\t\t\t\t\t\t\t\t\t\t<div tabindex=\"0\" class=\"wd-post-share wd-tltp\">\n\t\t\t\t\t\t\t<div class=\"tooltip top\">\n\t\t\t\t\t\t\t\t<div class=\"tooltip-inner\">\n\t\t\t\t\t\t\t\t\t\t\t\t<div\n\t\t\t\t\t\tclass=\" wd-social-icons  wd-style-default wd-size-small social-share wd-shape-circle color-scheme-light text-center\">\n\t\t\t\t\n\t\t\t\t\n\t\t\t\t\t\t\t\t\t<a rel=\"noopener noreferrer nofollow\" href=\"https:\/\/www.facebook.com\/sharer\/sharer.php?u=https:\/\/pspzyrowa.zdzieszowice.pl\/aktualnosci\/\" target=\"_blank\" class=\" wd-social-icon social-facebook\" aria-label=\"Link spo\u0142eczno\u015bciowy Facebook\">\n\t\t\t\t\t\t<span class=\"wd-icon\"><\/span>\n\t\t\t\t\t\t\t\t\t\t\t<\/a>\n\t\t\t\t\n\t\t\t\t\t\t\t\t\t<a rel=\"noopener noreferrer nofollow\" href=\"https:\/\/x.com\/share?url=https:\/\/pspzyrowa.zdzieszowice.pl\/aktualnosci\/\" target=\"_blank\" class=\" wd-social-icon social-twitter\" aria-label=\"Link spo\u0142eczno\u015bciowy X\">\n\t\t\t\t\t\t<span class=\"wd-icon\"><\/span>\n\t\t\t\t\t\t\t\t\t\t\t<\/a>\n\t\t\t\t\n\t\t\t\t\n\t\t\t\t\n\t\t\t\t\n\t\t\t\t\n\t\t\t\t\n\t\t\t\t\t\t\t\t\t<a rel=\"noopener noreferrer nofollow\" href=\"https:\/\/pinterest.com\/pin\/create\/button\/?url=https:\/\/pspzyrowa.zdzieszowice.pl\/aktualnosci\/&media=https:\/\/pspzyrowa.zdzieszowice.pl\/wp-includes\/images\/media\/default.svg&description=Zarzadzenie+nr+4%2F2017+Dyrektora+Szko%C5%82y+w+sprawie+ustalenia+dodatkowych+dni+wolnych+od+zaj%C4%99%C4%87+dydaktyczno-wychowawczych++w+roku+szkolnym+2017%2F2018\" target=\"_blank\" class=\" wd-social-icon social-pinterest\" aria-label=\"Link spo\u0142eczno\u015bciowy Pinterest\">\n\t\t\t\t\t\t<span class=\"wd-icon\"><\/span>\n\t\t\t\t\t\t\t\t\t\t\t<\/a>\n\t\t\t\t\n\t\t\t\t\n\t\t\t\t\t\t\t\t\t<a rel=\"noopener noreferrer nofollow\" href=\"https:\/\/www.linkedin.com\/shareArticle?mini=true&url=https:\/\/pspzyrowa.zdzieszowice.pl\/aktualnosci\/\" target=\"_blank\" class=\" wd-social-icon social-linkedin\" aria-label=\"Link spo\u0142eczno\u015bciowy LinkedIn\">\n\t\t\t\t\t\t<span class=\"wd-icon\"><\/span>\n\t\t\t\t\t\t\t\t\t\t\t<\/a>\n\t\t\t\t\n\t\t\t\t\n\t\t\t\t\n\t\t\t\t\n\t\t\t\t\n\t\t\t\t\n\t\t\t\t\n\t\t\t\t\n\t\t\t\t\n\t\t\t\t\n\t\t\t\t\n\t\t\t\t\n\t\t\t\t\n\t\t\t\t\n\t\t\t\t\n\t\t\t\t\t\t\t\t\t<a rel=\"noopener noreferrer nofollow\" href=\"https:\/\/telegram.me\/share\/url?url=https:\/\/pspzyrowa.zdzieszowice.pl\/aktualnosci\/\" target=\"_blank\" class=\" wd-social-icon social-tg\" aria-label=\"Link spo\u0142eczno\u015bciowy Telegram\">\n\t\t\t\t\t\t<span class=\"wd-icon\"><\/span>\n\t\t\t\t\t\t\t\t\t\t\t<\/a>\n\t\t\t\t\n\t\t\t\t\n\t\t\t<\/div>\n\n\t\t\t\t\t\t\t\t\t\t<\/div>\n\t\t\t\t\t\t\t\t<div class=\"tooltip-arrow\"><\/div>\n\t\t\t\t\t\t\t<\/div>\n\t\t\t\t\t\t<\/div>\n\t\t\t\t\t\n\t\t\t\t\t\t\t\t\t<\/div>\n\t\t\t\n\t\t\t\t\t\t\t\t\t\t\t\t<div class=\"wd-post-excerpt entry-content\">\n\t\t\t\t\t\tZarzadzenie nr 4\/2017 Dyrektora Szko\u0142y w sprawie ustalenia dodatkowych dni wolnych od zaj\u0119\u0107 dydaktyczno-wychowawczych&nbsp; w roku szko...\t\t\t\t\t<\/div>\n\t\t\t\t\n\t\t\t\t\t\t\t\t\t\t\t\t\t\t<div class=\"wd-post-read-more wd-style-link read-more-section\">\n\t\t\t\t\t\t<a class=\"\" href=\"https:\/\/pspzyrowa.zdzieszowice.pl\/zarzadzenie-nr-4-2017-dyrektora-szkoly-w-sprawie-ustalenia-dodatkowych-dni-wolnych-od-zajec-dydaktyczno-wychowawczych-w-roku-szkolnym-2017-2018\/\">Czytaj dalej<\/a>\t\t\t\t\t<\/div>\n\t\t\t\t\t\t\t\t\t\t\t\t\t<\/div>\n\t<\/div>\n<\/article>\n\n\t\t\t\t\t\t\t\t\t\t\t\n<article id=\"post-4023\" class=\"wd-post blog-design-default blog-post-loop blog-style-bg wd-add-shadow wd-col post-4023 post type-post status-publish format-standard hentry category-aktualnosci\">\n\t<div class=\"wd-post-inner article-inner\">\n\t\t\n\t\t<div class=\"wd-post-content article-body-container\">\n\t\t\t\t\t\t\t<div class=\"wd-post-cat wd-style-with-bg meta-post-categories\">\n\t\t\t\t\t<a href=\"https:\/\/pspzyrowa.zdzieszowice.pl\/category\/aktualnosci\/\" rel=\"category tag\">Aktualno\u015bci<\/a>\t\t\t\t<\/div>\n\t\t\t\n\t\t\t\t\t\t\t<h3 class=\"wd-post-title wd-entities-title title post-title\">\n\t\t\t\t\t<a href=\"https:\/\/pspzyrowa.zdzieszowice.pl\/wspolpraca-z-miejska-i-gminna-biblioteka-publiczna-w-zdzieszowicach-2\/\" rel=\"bookmark\">Wsp\u00f3\u0142praca z Miejsk\u0105 i Gminn\u0105 Bibliotek\u0105 Publiczn\u0105 w Zdzieszowicach<\/a>\n\t\t\t\t<\/h3>\n\t\t\t\n\t\t\t\t\t\t\t<div class=\"wd-post-meta\">\n\t\t\t\t\t\t\t\t\t\t\t\t\t\t\t<div class=\"wd-post-author\">\n\t\t\t\t\t\t\t\t\t\t\t<span>Opublikowano przez<\/span>\n\t\t\n\t\t\t\t\t<img alt='author-avatar' src='https:\/\/secure.gravatar.com\/avatar\/1157df78ac73d907245b92e8fb34cfe8f29740ee591df4bd55d6a7c21115a871?s=18&#038;d=mm&#038;r=g' srcset='https:\/\/secure.gravatar.com\/avatar\/1157df78ac73d907245b92e8fb34cfe8f29740ee591df4bd55d6a7c21115a871?s=36&#038;d=mm&#038;r=g 2x' class='avatar avatar-18 photo' height='18' width='18' loading='lazy' decoding='async'\/>\t\t\n\t\t\t\t\t<a href=\"https:\/\/pspzyrowa.zdzieszowice.pl\/author\/admin2pspzyrowa\/\" class=\"author\" rel=\"author\">@PSP \u017byrowa<\/a>\n\t\t\t\t\t\t\t\t\t<\/div>\n\t\t\t\t\t<div class=\"wd-modified-date\">\n\t\t\t\t\t\t\t\t<time class=\"updated\" datetime=\"2017-10-09T18:12:22+02:00\">\n\t\t\t2017-10-09\t\t<\/time>\n\t\t\t\t\t\t\t<\/div>\n\n\t\t\t\t\t\t\t\t\t\t\t<div tabindex=\"0\" class=\"wd-post-share wd-tltp\">\n\t\t\t\t\t\t\t<div class=\"tooltip top\">\n\t\t\t\t\t\t\t\t<div class=\"tooltip-inner\">\n\t\t\t\t\t\t\t\t\t\t\t\t<div\n\t\t\t\t\t\tclass=\" wd-social-icons  wd-style-default wd-size-small social-share wd-shape-circle color-scheme-light text-center\">\n\t\t\t\t\n\t\t\t\t\n\t\t\t\t\t\t\t\t\t<a rel=\"noopener noreferrer nofollow\" href=\"https:\/\/www.facebook.com\/sharer\/sharer.php?u=https:\/\/pspzyrowa.zdzieszowice.pl\/aktualnosci\/\" target=\"_blank\" class=\" wd-social-icon social-facebook\" aria-label=\"Link spo\u0142eczno\u015bciowy Facebook\">\n\t\t\t\t\t\t<span class=\"wd-icon\"><\/span>\n\t\t\t\t\t\t\t\t\t\t\t<\/a>\n\t\t\t\t\n\t\t\t\t\t\t\t\t\t<a rel=\"noopener noreferrer nofollow\" href=\"https:\/\/x.com\/share?url=https:\/\/pspzyrowa.zdzieszowice.pl\/aktualnosci\/\" target=\"_blank\" class=\" wd-social-icon social-twitter\" aria-label=\"Link spo\u0142eczno\u015bciowy X\">\n\t\t\t\t\t\t<span class=\"wd-icon\"><\/span>\n\t\t\t\t\t\t\t\t\t\t\t<\/a>\n\t\t\t\t\n\t\t\t\t\n\t\t\t\t\n\t\t\t\t\n\t\t\t\t\n\t\t\t\t\n\t\t\t\t\t\t\t\t\t<a rel=\"noopener noreferrer nofollow\" href=\"https:\/\/pinterest.com\/pin\/create\/button\/?url=https:\/\/pspzyrowa.zdzieszowice.pl\/aktualnosci\/&media=https:\/\/pspzyrowa.zdzieszowice.pl\/wp-includes\/images\/media\/default.svg&description=Wsp%C3%B3%C5%82praca+z+Miejsk%C4%85+i+Gminn%C4%85+Bibliotek%C4%85+Publiczn%C4%85+w+Zdzieszowicach\" target=\"_blank\" class=\" wd-social-icon social-pinterest\" aria-label=\"Link spo\u0142eczno\u015bciowy Pinterest\">\n\t\t\t\t\t\t<span class=\"wd-icon\"><\/span>\n\t\t\t\t\t\t\t\t\t\t\t<\/a>\n\t\t\t\t\n\t\t\t\t\n\t\t\t\t\t\t\t\t\t<a rel=\"noopener noreferrer nofollow\" href=\"https:\/\/www.linkedin.com\/shareArticle?mini=true&url=https:\/\/pspzyrowa.zdzieszowice.pl\/aktualnosci\/\" target=\"_blank\" class=\" wd-social-icon social-linkedin\" aria-label=\"Link spo\u0142eczno\u015bciowy LinkedIn\">\n\t\t\t\t\t\t<span class=\"wd-icon\"><\/span>\n\t\t\t\t\t\t\t\t\t\t\t<\/a>\n\t\t\t\t\n\t\t\t\t\n\t\t\t\t\n\t\t\t\t\n\t\t\t\t\n\t\t\t\t\n\t\t\t\t\n\t\t\t\t\n\t\t\t\t\n\t\t\t\t\n\t\t\t\t\n\t\t\t\t\n\t\t\t\t\n\t\t\t\t\n\t\t\t\t\n\t\t\t\t\t\t\t\t\t<a rel=\"noopener noreferrer nofollow\" href=\"https:\/\/telegram.me\/share\/url?url=https:\/\/pspzyrowa.zdzieszowice.pl\/aktualnosci\/\" target=\"_blank\" class=\" wd-social-icon social-tg\" aria-label=\"Link spo\u0142eczno\u015bciowy Telegram\">\n\t\t\t\t\t\t<span class=\"wd-icon\"><\/span>\n\t\t\t\t\t\t\t\t\t\t\t<\/a>\n\t\t\t\t\n\t\t\t\t\n\t\t\t<\/div>\n\n\t\t\t\t\t\t\t\t\t\t<\/div>\n\t\t\t\t\t\t\t\t<div class=\"tooltip-arrow\"><\/div>\n\t\t\t\t\t\t\t<\/div>\n\t\t\t\t\t\t<\/div>\n\t\t\t\t\t\n\t\t\t\t\t\t\t\t\t<\/div>\n\t\t\t\n\t\t\t\t\t\t\t\t\t\t\t\t<div class=\"wd-post-excerpt entry-content\">\n\t\t\t\t\t\t2 pa\u017adziernika 2017 roku, uczniowie klasy II uczestniczyli w lekcji bibliotecznej przygotowanej przez \u017cyrowsk\u0105 fili\u0119 Miejskiej i Gminne...\t\t\t\t\t<\/div>\n\t\t\t\t\n\t\t\t\t\t\t\t\t\t\t\t\t\t\t<div class=\"wd-post-read-more wd-style-link read-more-section\">\n\t\t\t\t\t\t<a class=\"\" href=\"https:\/\/pspzyrowa.zdzieszowice.pl\/wspolpraca-z-miejska-i-gminna-biblioteka-publiczna-w-zdzieszowicach-2\/\">Czytaj dalej<\/a>\t\t\t\t\t<\/div>\n\t\t\t\t\t\t\t\t\t\t\t\t\t<\/div>\n\t<\/div>\n<\/article>\n\n\t\t\t\t\t\t\t\t\t\t\t\n<article id=\"post-4022\" class=\"wd-post blog-design-default blog-post-loop blog-style-bg wd-add-shadow wd-col post-4022 post type-post status-publish format-standard hentry category-aktualnosci\">\n\t<div class=\"wd-post-inner article-inner\">\n\t\t\n\t\t<div class=\"wd-post-content article-body-container\">\n\t\t\t\t\t\t\t<div class=\"wd-post-cat wd-style-with-bg meta-post-categories\">\n\t\t\t\t\t<a href=\"https:\/\/pspzyrowa.zdzieszowice.pl\/category\/aktualnosci\/\" rel=\"category tag\">Aktualno\u015bci<\/a>\t\t\t\t<\/div>\n\t\t\t\n\t\t\t\t\t\t\t<h3 class=\"wd-post-title wd-entities-title title post-title\">\n\t\t\t\t\t<a href=\"https:\/\/pspzyrowa.zdzieszowice.pl\/zajecia-na-basenie\/\" rel=\"bookmark\">Zaj\u0119cia na basenie<\/a>\n\t\t\t\t<\/h3>\n\t\t\t\n\t\t\t\t\t\t\t<div class=\"wd-post-meta\">\n\t\t\t\t\t\t\t\t\t\t\t\t\t\t\t<div class=\"wd-post-author\">\n\t\t\t\t\t\t\t\t\t\t\t<span>Opublikowano przez<\/span>\n\t\t\n\t\t\t\t\t<img alt='author-avatar' src='https:\/\/secure.gravatar.com\/avatar\/1157df78ac73d907245b92e8fb34cfe8f29740ee591df4bd55d6a7c21115a871?s=18&#038;d=mm&#038;r=g' srcset='https:\/\/secure.gravatar.com\/avatar\/1157df78ac73d907245b92e8fb34cfe8f29740ee591df4bd55d6a7c21115a871?s=36&#038;d=mm&#038;r=g 2x' class='avatar avatar-18 photo' height='18' width='18' loading='lazy' decoding='async'\/>\t\t\n\t\t\t\t\t<a href=\"https:\/\/pspzyrowa.zdzieszowice.pl\/author\/admin2pspzyrowa\/\" class=\"author\" rel=\"author\">@PSP \u017byrowa<\/a>\n\t\t\t\t\t\t\t\t\t<\/div>\n\t\t\t\t\t<div class=\"wd-modified-date\">\n\t\t\t\t\t\t\t\t<time class=\"updated\" datetime=\"2017-10-09T17:43:21+02:00\">\n\t\t\t2017-10-09\t\t<\/time>\n\t\t\t\t\t\t\t<\/div>\n\n\t\t\t\t\t\t\t\t\t\t\t<div tabindex=\"0\" class=\"wd-post-share wd-tltp\">\n\t\t\t\t\t\t\t<div class=\"tooltip top\">\n\t\t\t\t\t\t\t\t<div class=\"tooltip-inner\">\n\t\t\t\t\t\t\t\t\t\t\t\t<div\n\t\t\t\t\t\tclass=\" wd-social-icons  wd-style-default wd-size-small social-share wd-shape-circle color-scheme-light text-center\">\n\t\t\t\t\n\t\t\t\t\n\t\t\t\t\t\t\t\t\t<a rel=\"noopener noreferrer nofollow\" href=\"https:\/\/www.facebook.com\/sharer\/sharer.php?u=https:\/\/pspzyrowa.zdzieszowice.pl\/aktualnosci\/\" target=\"_blank\" class=\" wd-social-icon social-facebook\" aria-label=\"Link spo\u0142eczno\u015bciowy Facebook\">\n\t\t\t\t\t\t<span class=\"wd-icon\"><\/span>\n\t\t\t\t\t\t\t\t\t\t\t<\/a>\n\t\t\t\t\n\t\t\t\t\t\t\t\t\t<a rel=\"noopener noreferrer nofollow\" href=\"https:\/\/x.com\/share?url=https:\/\/pspzyrowa.zdzieszowice.pl\/aktualnosci\/\" target=\"_blank\" class=\" wd-social-icon social-twitter\" aria-label=\"Link spo\u0142eczno\u015bciowy X\">\n\t\t\t\t\t\t<span class=\"wd-icon\"><\/span>\n\t\t\t\t\t\t\t\t\t\t\t<\/a>\n\t\t\t\t\n\t\t\t\t\n\t\t\t\t\n\t\t\t\t\n\t\t\t\t\n\t\t\t\t\n\t\t\t\t\t\t\t\t\t<a rel=\"noopener noreferrer nofollow\" href=\"https:\/\/pinterest.com\/pin\/create\/button\/?url=https:\/\/pspzyrowa.zdzieszowice.pl\/aktualnosci\/&media=https:\/\/pspzyrowa.zdzieszowice.pl\/wp-includes\/images\/media\/default.svg&description=Zaj%C4%99cia+na+basenie\" target=\"_blank\" class=\" wd-social-icon social-pinterest\" aria-label=\"Link spo\u0142eczno\u015bciowy Pinterest\">\n\t\t\t\t\t\t<span class=\"wd-icon\"><\/span>\n\t\t\t\t\t\t\t\t\t\t\t<\/a>\n\t\t\t\t\n\t\t\t\t\n\t\t\t\t\t\t\t\t\t<a rel=\"noopener noreferrer nofollow\" href=\"https:\/\/www.linkedin.com\/shareArticle?mini=true&url=https:\/\/pspzyrowa.zdzieszowice.pl\/aktualnosci\/\" target=\"_blank\" class=\" wd-social-icon social-linkedin\" aria-label=\"Link spo\u0142eczno\u015bciowy LinkedIn\">\n\t\t\t\t\t\t<span class=\"wd-icon\"><\/span>\n\t\t\t\t\t\t\t\t\t\t\t<\/a>\n\t\t\t\t\n\t\t\t\t\n\t\t\t\t\n\t\t\t\t\n\t\t\t\t\n\t\t\t\t\n\t\t\t\t\n\t\t\t\t\n\t\t\t\t\n\t\t\t\t\n\t\t\t\t\n\t\t\t\t\n\t\t\t\t\n\t\t\t\t\n\t\t\t\t\n\t\t\t\t\t\t\t\t\t<a rel=\"noopener noreferrer nofollow\" href=\"https:\/\/telegram.me\/share\/url?url=https:\/\/pspzyrowa.zdzieszowice.pl\/aktualnosci\/\" target=\"_blank\" class=\" wd-social-icon social-tg\" aria-label=\"Link spo\u0142eczno\u015bciowy Telegram\">\n\t\t\t\t\t\t<span class=\"wd-icon\"><\/span>\n\t\t\t\t\t\t\t\t\t\t\t<\/a>\n\t\t\t\t\n\t\t\t\t\n\t\t\t<\/div>\n\n\t\t\t\t\t\t\t\t\t\t<\/div>\n\t\t\t\t\t\t\t\t<div class=\"tooltip-arrow\"><\/div>\n\t\t\t\t\t\t\t<\/div>\n\t\t\t\t\t\t<\/div>\n\t\t\t\t\t\n\t\t\t\t\t\t\t\t\t<\/div>\n\t\t\t\n\t\t\t\t\t\t\t\t\t\t\t\t<div class=\"wd-post-excerpt entry-content\">\n\t\t\t\t\t\tGodziny zaj\u0119\u0107 na basenie:    Klasa II - czwartek 16:10 - 16:55 Klasa IV-VII - czwartek 17:00 - 17:45 Klasa III - pi\u0105tek 16:10 - 16:55\t\t\t\t\t<\/div>\n\t\t\t\t\n\t\t\t\t\t\t\t\t\t\t\t\t\t\t<div class=\"wd-post-read-more wd-style-link read-more-section\">\n\t\t\t\t\t\t<a class=\"\" href=\"https:\/\/pspzyrowa.zdzieszowice.pl\/zajecia-na-basenie\/\">Czytaj dalej<\/a>\t\t\t\t\t<\/div>\n\t\t\t\t\t\t\t\t\t\t\t\t\t<\/div>\n\t<\/div>\n<\/article>\n\n\t\t\t\t\t\t\t\t\t\t\t\n<article id=\"post-4021\" class=\"wd-post blog-design-default blog-post-loop blog-style-bg wd-add-shadow wd-col post-4021 post type-post status-publish format-standard hentry category-aktualnosci\">\n\t<div class=\"wd-post-inner article-inner\">\n\t\t\n\t\t<div class=\"wd-post-content article-body-container\">\n\t\t\t\t\t\t\t<div class=\"wd-post-cat wd-style-with-bg meta-post-categories\">\n\t\t\t\t\t<a href=\"https:\/\/pspzyrowa.zdzieszowice.pl\/category\/aktualnosci\/\" rel=\"category tag\">Aktualno\u015bci<\/a>\t\t\t\t<\/div>\n\t\t\t\n\t\t\t\t\t\t\t<h3 class=\"wd-post-title wd-entities-title title post-title\">\n\t\t\t\t\t<a href=\"https:\/\/pspzyrowa.zdzieszowice.pl\/04-10-2017-wycieczka-do-nadlesnictwa-w-opolu-w-ramach-projektu-sekrety-nauki\/\" rel=\"bookmark\">04.10.2017 Wycieczka klasy V do Nadle\u015bnictwa w Opolu w ramach projektu &#8222;Sekrety nauki&#8221;<\/a>\n\t\t\t\t<\/h3>\n\t\t\t\n\t\t\t\t\t\t\t<div class=\"wd-post-meta\">\n\t\t\t\t\t\t\t\t\t\t\t\t\t\t\t<div class=\"wd-post-author\">\n\t\t\t\t\t\t\t\t\t\t\t<span>Opublikowano przez<\/span>\n\t\t\n\t\t\t\t\t<img alt='author-avatar' src='https:\/\/secure.gravatar.com\/avatar\/1157df78ac73d907245b92e8fb34cfe8f29740ee591df4bd55d6a7c21115a871?s=18&#038;d=mm&#038;r=g' srcset='https:\/\/secure.gravatar.com\/avatar\/1157df78ac73d907245b92e8fb34cfe8f29740ee591df4bd55d6a7c21115a871?s=36&#038;d=mm&#038;r=g 2x' class='avatar avatar-18 photo' height='18' width='18' loading='lazy' decoding='async'\/>\t\t\n\t\t\t\t\t<a href=\"https:\/\/pspzyrowa.zdzieszowice.pl\/author\/admin2pspzyrowa\/\" class=\"author\" rel=\"author\">@PSP \u017byrowa<\/a>\n\t\t\t\t\t\t\t\t\t<\/div>\n\t\t\t\t\t<div class=\"wd-modified-date\">\n\t\t\t\t\t\t\t\t<time class=\"updated\" datetime=\"2017-10-07T07:28:33+02:00\">\n\t\t\t2017-10-07\t\t<\/time>\n\t\t\t\t\t\t\t<\/div>\n\n\t\t\t\t\t\t\t\t\t\t\t<div tabindex=\"0\" class=\"wd-post-share wd-tltp\">\n\t\t\t\t\t\t\t<div class=\"tooltip top\">\n\t\t\t\t\t\t\t\t<div class=\"tooltip-inner\">\n\t\t\t\t\t\t\t\t\t\t\t\t<div\n\t\t\t\t\t\tclass=\" wd-social-icons  wd-style-default wd-size-small social-share wd-shape-circle color-scheme-light text-center\">\n\t\t\t\t\n\t\t\t\t\n\t\t\t\t\t\t\t\t\t<a rel=\"noopener noreferrer nofollow\" href=\"https:\/\/www.facebook.com\/sharer\/sharer.php?u=https:\/\/pspzyrowa.zdzieszowice.pl\/aktualnosci\/\" target=\"_blank\" class=\" wd-social-icon social-facebook\" aria-label=\"Link spo\u0142eczno\u015bciowy Facebook\">\n\t\t\t\t\t\t<span class=\"wd-icon\"><\/span>\n\t\t\t\t\t\t\t\t\t\t\t<\/a>\n\t\t\t\t\n\t\t\t\t\t\t\t\t\t<a rel=\"noopener noreferrer nofollow\" href=\"https:\/\/x.com\/share?url=https:\/\/pspzyrowa.zdzieszowice.pl\/aktualnosci\/\" target=\"_blank\" class=\" wd-social-icon social-twitter\" aria-label=\"Link spo\u0142eczno\u015bciowy X\">\n\t\t\t\t\t\t<span class=\"wd-icon\"><\/span>\n\t\t\t\t\t\t\t\t\t\t\t<\/a>\n\t\t\t\t\n\t\t\t\t\n\t\t\t\t\n\t\t\t\t\n\t\t\t\t\n\t\t\t\t\n\t\t\t\t\t\t\t\t\t<a rel=\"noopener noreferrer nofollow\" href=\"https:\/\/pinterest.com\/pin\/create\/button\/?url=https:\/\/pspzyrowa.zdzieszowice.pl\/aktualnosci\/&media=https:\/\/pspzyrowa.zdzieszowice.pl\/wp-includes\/images\/media\/default.svg&description=04.10.2017+Wycieczka+klasy+V+do+Nadle%C5%9Bnictwa+w+Opolu+w+ramach+projektu+%26%238222%3BSekrety+nauki%26%238221%3B\" target=\"_blank\" class=\" wd-social-icon social-pinterest\" aria-label=\"Link spo\u0142eczno\u015bciowy Pinterest\">\n\t\t\t\t\t\t<span class=\"wd-icon\"><\/span>\n\t\t\t\t\t\t\t\t\t\t\t<\/a>\n\t\t\t\t\n\t\t\t\t\n\t\t\t\t\t\t\t\t\t<a rel=\"noopener noreferrer nofollow\" href=\"https:\/\/www.linkedin.com\/shareArticle?mini=true&url=https:\/\/pspzyrowa.zdzieszowice.pl\/aktualnosci\/\" target=\"_blank\" class=\" wd-social-icon social-linkedin\" aria-label=\"Link spo\u0142eczno\u015bciowy LinkedIn\">\n\t\t\t\t\t\t<span class=\"wd-icon\"><\/span>\n\t\t\t\t\t\t\t\t\t\t\t<\/a>\n\t\t\t\t\n\t\t\t\t\n\t\t\t\t\n\t\t\t\t\n\t\t\t\t\n\t\t\t\t\n\t\t\t\t\n\t\t\t\t\n\t\t\t\t\n\t\t\t\t\n\t\t\t\t\n\t\t\t\t\n\t\t\t\t\n\t\t\t\t\n\t\t\t\t\n\t\t\t\t\t\t\t\t\t<a rel=\"noopener noreferrer nofollow\" href=\"https:\/\/telegram.me\/share\/url?url=https:\/\/pspzyrowa.zdzieszowice.pl\/aktualnosci\/\" target=\"_blank\" class=\" wd-social-icon social-tg\" aria-label=\"Link spo\u0142eczno\u015bciowy Telegram\">\n\t\t\t\t\t\t<span class=\"wd-icon\"><\/span>\n\t\t\t\t\t\t\t\t\t\t\t<\/a>\n\t\t\t\t\n\t\t\t\t\n\t\t\t<\/div>\n\n\t\t\t\t\t\t\t\t\t\t<\/div>\n\t\t\t\t\t\t\t\t<div class=\"tooltip-arrow\"><\/div>\n\t\t\t\t\t\t\t<\/div>\n\t\t\t\t\t\t<\/div>\n\t\t\t\t\t\n\t\t\t\t\t\t\t\t\t<\/div>\n\t\t\t\n\t\t\t\t\t\t\t\t\t\t\t\t<div class=\"wd-post-excerpt entry-content\">\n\t\t\t\t\t\t&nbsp;04 pa\u017adziernika uczniowie klasy V wraz z wychowawc\u0105 uczestniczyli w zaj\u0119ciach dydaktycznych, kt\u00f3re odby\u0142y si\u0119 w Nadle\u015bnictwie - O...\t\t\t\t\t<\/div>\n\t\t\t\t\n\t\t\t\t\t\t\t\t\t\t\t\t\t\t<div class=\"wd-post-read-more wd-style-link read-more-section\">\n\t\t\t\t\t\t<a class=\"\" href=\"https:\/\/pspzyrowa.zdzieszowice.pl\/04-10-2017-wycieczka-do-nadlesnictwa-w-opolu-w-ramach-projektu-sekrety-nauki\/\">Czytaj dalej<\/a>\t\t\t\t\t<\/div>\n\t\t\t\t\t\t\t\t\t\t\t\t\t<\/div>\n\t<\/div>\n<\/article>\n\n\t\t\t\t\t\n\t\t\t\t\t","status":"have-posts","nextPage":"https:\/\/pspzyrowa.zdzieszowice.pl\/aktualnosci\/page\/64\/?woo_ajax=1","currentPage":"https:\/\/pspzyrowa.zdzieszowice.pl\/aktualnosci\/page\/63"}